{"id":6612,"date":"2026-09-03T07:00:00","date_gmt":"2026-09-03T05:00:00","guid":{"rendered":"https:\/\/volcanicinternet.com\/?p=6612"},"modified":"2026-09-03T17:39:48","modified_gmt":"2026-09-03T15:39:48","slug":"accesibilidad-de-contenido-para-personas-con-discapacidades-cognitivas-y-de-aprendizaje","status":"publish","type":"post","link":"https:\/\/volcanicinternet.com\/es\/accesibilidad-de-contenido-para-personas-con-discapacidades-cognitivas-y-de-aprendizaje\/","title":{"rendered":"Accesibilidad de contenido para personas con discapacidades cognitivas y de aprendizaje"},"content":{"rendered":"\n<p class=\"wp-block-paragraph\">Las gu\u00edas de accesibilidad como las WCAG (Web Content Accessibility Guidelines) prestan menos atenci\u00f3n a las discapacidades cognitivas. Esto se debe a que son m\u00e1s dif\u00edciles de medir que otras m\u00e9tricas.<\/p>\n\n\n\n<p class=\"wp-block-paragraph\">Las discapacidades cognitivas abarcan una amplia gama de condiciones, entre ellas las discapacidades intelectuales, las discapacidades del desarrollo, el trastorno por d\u00e9ficit de atenci\u00f3n e hiperactividad (TDAH), el autismo, la demencia, la dislexia y otras.<\/p>\n\n\n\n<p class=\"wp-block-paragraph\">Sin embargo, tambi\u00e9n debemos reducir la complejidad innecesaria en los textos, desde los textos de la interfaz de usuario hasta art\u00edculos como este.<\/p>\n\n\n\n<p class=\"wp-block-paragraph\">El grupo de trabajo sobre accesibilidad para discapacidades cognitivas y de aprendizaje del W3C (<span lang=\"en\">World Wide Web Consortium<\/span>), conocido como COGA, ofrece orientaci\u00f3n adicional, como <a href=\"https:\/\/www.w3.org\/WAI\/WCAG2\/supplemental\/objectives\/o3-clear-content\/\" lang=\"en\" hreflang=\"en\">Use Clear and Understandable Content<\/a>.<\/p>\n\n\n\n<p class=\"wp-block-paragraph\">Este documento incluye reglas sencillas como:<\/p>\n\n\n\n<ul class=\"wp-block-list\">\n<li>Usa palabras claras<\/li>\n\n\n\n<li>Usa un tiempo verbal y una voz simples<\/li>\n\n\n\n<li>Usa un lenguaje literal<\/li>\n<\/ul>\n\n\n\n<p class=\"wp-block-paragraph\">El objetivo es eliminar la complejidad innecesaria para que el contenido sea m\u00e1s inclusivo. Otras herramientas y marcos de trabajo persiguen lo mismo: textos m\u00e1s f\u00e1ciles de seguir y herramientas m\u00e1s f\u00e1ciles de usar.<\/p>\n\n\n\n<p class=\"wp-block-paragraph\">Hacer que el contenido y los sitios web sean menos exigentes ayuda a todo el mundo. Puede que no afecte mucho al cumplimiento normativo, ya que las WCAG no tienen Success Criteria (sus reglas espec\u00edficas de aprobaci\u00f3n o no) para esto. Pero est\u00e1 claro que ayuda a las personas a usar tu contenido y a tener \u00e9xito con \u00e9l.<\/p>\n","protected":false},"excerpt":{"rendered":"<p>Las gu\u00edas de accesibilidad como las WCAG (Web&#8230;<\/p>\n","protected":false},"author":1,"featured_media":6613,"comment_status":"open","ping_status":"open","sticky":false,"template":"","format":"standard","meta":{"_acf_changed":false,"wpce_document_language":"","_kad_blocks_custom_css":"","_kad_blocks_head_custom_js":"","_kad_blocks_body_custom_js":"","_kad_blocks_footer_custom_js":"","footnotes":""},"categories":[29],"tags":[],"class_list":["post-6612","post","type-post","status-publish","format-standard","has-post-thumbnail","hentry","category-accesibilidad"],"acf":[],"yoast_head":"<!-- This site is optimized with the Yoast SEO plugin v28.3 - https:\/\/yoast.com\/product\/yoast-seo-wordpress\/ -->\n<title>Accesibilidad cognitiva y WCAG: contenido m\u00e1s inclusivo - Volcanic Internet<\/title>\n<meta name=\"description\" content=\"Entiende la importancia de la accesibilidad cognitiva y descubre c\u00f3mo crear contenidos web m\u00e1s claros, sencillos y f\u00e1ciles de usar.\" \/>\n<meta name=\"robots\" content=\"index, follow, max-snippet:-1, max-image-preview:large, max-video-preview:-1\" \/>\n<link rel=\"canonical\" href=\"https:\/\/volcanicinternet.com\/es\/accesibilidad-de-contenido-para-personas-con-discapacidades-cognitivas-y-de-aprendizaje\/\" \/>\n<meta property=\"og:locale\" content=\"es_ES\" \/>\n<meta property=\"og:type\" content=\"article\" \/>\n<meta property=\"og:title\" content=\"Accesibilidad cognitiva y WCAG: contenido m\u00e1s inclusivo\" \/>\n<meta property=\"og:description\" content=\"Entiende la importancia de la accesibilidad cognitiva y descubre c\u00f3mo crear contenidos web m\u00e1s claros, sencillos y f\u00e1ciles de usar.\" \/>\n<meta property=\"og:url\" content=\"https:\/\/volcanicinternet.com\/es\/accesibilidad-de-contenido-para-personas-con-discapacidades-cognitivas-y-de-aprendizaje\/\" \/>\n<meta property=\"og:site_name\" content=\"Volcanic Internet\" \/>\n<meta property=\"article:publisher\" content=\"https:\/\/www.facebook.com\/volcanicinternet\" \/>\n<meta property=\"article:published_time\" content=\"2026-09-03T05:00:00+00:00\" \/>\n<meta property=\"article:modified_time\" content=\"2026-09-03T15:39:48+00:00\" \/>\n<meta property=\"og:image\" content=\"https:\/\/volcanicinternet.com\/app\/uploads\/2026\/08\/Content-accessibility-for-people-with-cognitive-and-learning-disabilities.png\" \/>\n\t<meta property=\"og:image:width\" content=\"1000\" \/>\n\t<meta property=\"og:image:height\" content=\"500\" \/>\n\t<meta property=\"og:image:type\" content=\"image\/png\" \/>\n<meta name=\"author\" content=\"volcanic\" \/>\n<meta name=\"twitter:card\" content=\"summary_large_image\" \/>\n<meta name=\"twitter:creator\" content=\"@volcanictech\" \/>\n<meta name=\"twitter:site\" content=\"@volcanictech\" \/>\n<meta name=\"twitter:label1\" content=\"Written by\" \/>\n\t<meta name=\"twitter:data1\" content=\"volcanic\" \/>\n\t<meta name=\"twitter:label2\" content=\"Est. reading time\" \/>\n\t<meta name=\"twitter:data2\" content=\"2 minutos\" \/>\n<script type=\"application\/ld+json\" class=\"yoast-schema-graph\">{\"@context\":\"https:\\\/\\\/schema.org\",\"@graph\":[{\"@type\":\"Article\",\"@id\":\"https:\\\/\\\/volcanicinternet.com\\\/es\\\/accesibilidad-de-contenido-para-personas-con-discapacidades-cognitivas-y-de-aprendizaje\\\/#article\",\"isPartOf\":{\"@id\":\"https:\\\/\\\/volcanicinternet.com\\\/es\\\/accesibilidad-de-contenido-para-personas-con-discapacidades-cognitivas-y-de-aprendizaje\\\/\"},\"author\":{\"name\":\"volcanic\",\"@id\":\"https:\\\/\\\/volcanicinternet.com\\\/es\\\/#\\\/schema\\\/person\\\/3dba9896ee40f4e8ea0c432924efb669\"},\"headline\":\"Accesibilidad de contenido para personas con discapacidades cognitivas y de aprendizaje\",\"datePublished\":\"2026-09-03T05:00:00+00:00\",\"dateModified\":\"2026-09-03T15:39:48+00:00\",\"mainEntityOfPage\":{\"@id\":\"https:\\\/\\\/volcanicinternet.com\\\/es\\\/accesibilidad-de-contenido-para-personas-con-discapacidades-cognitivas-y-de-aprendizaje\\\/\"},\"wordCount\":262,\"commentCount\":0,\"publisher\":{\"@id\":\"https:\\\/\\\/volcanicinternet.com\\\/es\\\/#organization\"},\"image\":{\"@id\":\"https:\\\/\\\/volcanicinternet.com\\\/es\\\/accesibilidad-de-contenido-para-personas-con-discapacidades-cognitivas-y-de-aprendizaje\\\/#primaryimage\"},\"thumbnailUrl\":\"https:\\\/\\\/volcanicinternet.com\\\/app\\\/uploads\\\/2026\\\/08\\\/Content-accessibility-for-people-with-cognitive-and-learning-disabilities.png\",\"articleSection\":[\"Accesibilidad\"],\"inLanguage\":\"es\",\"potentialAction\":[{\"@type\":\"CommentAction\",\"name\":\"Comment\",\"target\":[\"https:\\\/\\\/volcanicinternet.com\\\/es\\\/accesibilidad-de-contenido-para-personas-con-discapacidades-cognitivas-y-de-aprendizaje\\\/#respond\"]}]},{\"@type\":\"WebPage\",\"@id\":\"https:\\\/\\\/volcanicinternet.com\\\/es\\\/accesibilidad-de-contenido-para-personas-con-discapacidades-cognitivas-y-de-aprendizaje\\\/\",\"url\":\"https:\\\/\\\/volcanicinternet.com\\\/es\\\/accesibilidad-de-contenido-para-personas-con-discapacidades-cognitivas-y-de-aprendizaje\\\/\",\"name\":\"Accesibilidad cognitiva y WCAG: contenido m\u00e1s inclusivo\",\"isPartOf\":{\"@id\":\"https:\\\/\\\/volcanicinternet.com\\\/es\\\/#website\"},\"primaryImageOfPage\":{\"@id\":\"https:\\\/\\\/volcanicinternet.com\\\/es\\\/accesibilidad-de-contenido-para-personas-con-discapacidades-cognitivas-y-de-aprendizaje\\\/#primaryimage\"},\"image\":{\"@id\":\"https:\\\/\\\/volcanicinternet.com\\\/es\\\/accesibilidad-de-contenido-para-personas-con-discapacidades-cognitivas-y-de-aprendizaje\\\/#primaryimage\"},\"thumbnailUrl\":\"https:\\\/\\\/volcanicinternet.com\\\/app\\\/uploads\\\/2026\\\/08\\\/Content-accessibility-for-people-with-cognitive-and-learning-disabilities.png\",\"datePublished\":\"2026-09-03T05:00:00+00:00\",\"dateModified\":\"2026-09-03T15:39:48+00:00\",\"description\":\"Entiende la importancia de la accesibilidad cognitiva y descubre c\u00f3mo crear contenidos web m\u00e1s claros, sencillos y f\u00e1ciles de usar.\",\"breadcrumb\":{\"@id\":\"https:\\\/\\\/volcanicinternet.com\\\/es\\\/accesibilidad-de-contenido-para-personas-con-discapacidades-cognitivas-y-de-aprendizaje\\\/#breadcrumb\"},\"inLanguage\":\"es\",\"potentialAction\":[{\"@type\":\"ReadAction\",\"target\":[\"https:\\\/\\\/volcanicinternet.com\\\/es\\\/accesibilidad-de-contenido-para-personas-con-discapacidades-cognitivas-y-de-aprendizaje\\\/\"]}]},{\"@type\":\"ImageObject\",\"inLanguage\":\"es\",\"@id\":\"https:\\\/\\\/volcanicinternet.com\\\/es\\\/accesibilidad-de-contenido-para-personas-con-discapacidades-cognitivas-y-de-aprendizaje\\\/#primaryimage\",\"url\":\"https:\\\/\\\/volcanicinternet.com\\\/app\\\/uploads\\\/2026\\\/08\\\/Content-accessibility-for-people-with-cognitive-and-learning-disabilities.png\",\"contentUrl\":\"https:\\\/\\\/volcanicinternet.com\\\/app\\\/uploads\\\/2026\\\/08\\\/Content-accessibility-for-people-with-cognitive-and-learning-disabilities.png\",\"width\":1000,\"height\":500},{\"@type\":\"BreadcrumbList\",\"@id\":\"https:\\\/\\\/volcanicinternet.com\\\/es\\\/accesibilidad-de-contenido-para-personas-con-discapacidades-cognitivas-y-de-aprendizaje\\\/#breadcrumb\",\"itemListElement\":[{\"@type\":\"ListItem\",\"position\":1,\"name\":\"Inici\",\"item\":\"https:\\\/\\\/volcanicinternet.com\\\/es\\\/\"},{\"@type\":\"ListItem\",\"position\":2,\"name\":\"Accesibilidad de contenido para personas con discapacidades cognitivas y de aprendizaje\"}]},{\"@type\":\"WebSite\",\"@id\":\"https:\\\/\\\/volcanicinternet.com\\\/es\\\/#website\",\"url\":\"https:\\\/\\\/volcanicinternet.com\\\/es\\\/\",\"name\":\"Volcanic Internet\",\"description\":\"P\u00e0gines web, aplicacions m\u00f2bils, desenvolupament a mida, Implantaci\u00f3 Claude\",\"publisher\":{\"@id\":\"https:\\\/\\\/volcanicinternet.com\\\/es\\\/#organization\"},\"potentialAction\":[{\"@type\":\"SearchAction\",\"target\":{\"@type\":\"EntryPoint\",\"urlTemplate\":\"https:\\\/\\\/volcanicinternet.com\\\/es\\\/?s={search_term_string}\"},\"query-input\":{\"@type\":\"PropertyValueSpecification\",\"valueRequired\":true,\"valueName\":\"search_term_string\"}}],\"inLanguage\":\"es\"},{\"@type\":\"Organization\",\"@id\":\"https:\\\/\\\/volcanicinternet.com\\\/es\\\/#organization\",\"name\":\"Volcanic Internet\",\"url\":\"https:\\\/\\\/volcanicinternet.com\\\/es\\\/\",\"logo\":{\"@type\":\"ImageObject\",\"inLanguage\":\"es\",\"@id\":\"https:\\\/\\\/volcanicinternet.com\\\/es\\\/#\\\/schema\\\/logo\\\/image\\\/\",\"url\":\"https:\\\/\\\/volcanicinternet.com\\\/app\\\/uploads\\\/2026\\\/08\\\/volcanic_logo.png\",\"contentUrl\":\"https:\\\/\\\/volcanicinternet.com\\\/app\\\/uploads\\\/2026\\\/08\\\/volcanic_logo.png\",\"width\":642,\"height\":80,\"caption\":\"Volcanic Internet\"},\"image\":{\"@id\":\"https:\\\/\\\/volcanicinternet.com\\\/es\\\/#\\\/schema\\\/logo\\\/image\\\/\"},\"sameAs\":[\"https:\\\/\\\/www.facebook.com\\\/volcanicinternet\",\"https:\\\/\\\/x.com\\\/volcanictech\",\"https:\\\/\\\/es.linkedin.com\\\/company\\\/volcanic-internet\"],\"description\":\"Implantaci\u00f3n de IA con Claude, desarrollo web y accesibilidad digital\",\"areaServed\":[\"ES\",\"EU\",\"LATAM\"],\"knowsAbout\":[\"Claude IA\",\"Desarrollo Web\",\"Accesibilidad Web\"]},{\"@type\":\"Person\",\"@id\":\"https:\\\/\\\/volcanicinternet.com\\\/es\\\/#\\\/schema\\\/person\\\/3dba9896ee40f4e8ea0c432924efb669\",\"name\":\"volcanic\",\"image\":{\"@type\":\"ImageObject\",\"inLanguage\":\"es\",\"@id\":\"https:\\\/\\\/secure.gravatar.com\\\/avatar\\\/71350110898e95b4c564818782992100e5d8ffec84a5d15e412fd49e5d226ffa?s=96&d=mm&r=g\",\"url\":\"https:\\\/\\\/secure.gravatar.com\\\/avatar\\\/71350110898e95b4c564818782992100e5d8ffec84a5d15e412fd49e5d226ffa?s=96&d=mm&r=g\",\"contentUrl\":\"https:\\\/\\\/secure.gravatar.com\\\/avatar\\\/71350110898e95b4c564818782992100e5d8ffec84a5d15e412fd49e5d226ffa?s=96&d=mm&r=g\",\"caption\":\"volcanic\"},\"sameAs\":[\"https:\\\/\\\/volcanicinternet.com\"],\"url\":\"https:\\\/\\\/volcanicinternet.com\\\/es\\\/author\\\/volcanic\\\/\"}]}<\/script>\n<!-- \/ Yoast SEO plugin. -->","yoast_head_json":{"title":"Accesibilidad cognitiva y WCAG: contenido m\u00e1s inclusivo - Volcanic Internet","description":"Entiende la importancia de la accesibilidad cognitiva y descubre c\u00f3mo crear contenidos web m\u00e1s claros, sencillos y f\u00e1ciles de usar.","robots":{"index":"index","follow":"follow","max-snippet":"max-snippet:-1","max-image-preview":"max-image-preview:large","max-video-preview":"max-video-preview:-1"},"canonical":"https:\/\/volcanicinternet.com\/es\/accesibilidad-de-contenido-para-personas-con-discapacidades-cognitivas-y-de-aprendizaje\/","og_locale":"es_ES","og_type":"article","og_title":"Accesibilidad cognitiva y WCAG: contenido m\u00e1s inclusivo","og_description":"Entiende la importancia de la accesibilidad cognitiva y descubre c\u00f3mo crear contenidos web m\u00e1s claros, sencillos y f\u00e1ciles de usar.","og_url":"https:\/\/volcanicinternet.com\/es\/accesibilidad-de-contenido-para-personas-con-discapacidades-cognitivas-y-de-aprendizaje\/","og_site_name":"Volcanic Internet","article_publisher":"https:\/\/www.facebook.com\/volcanicinternet","article_published_time":"2026-09-03T05:00:00+00:00","article_modified_time":"2026-09-03T15:39:48+00:00","og_image":[{"width":1000,"height":500,"url":"https:\/\/volcanicinternet.com\/app\/uploads\/2026\/08\/Content-accessibility-for-people-with-cognitive-and-learning-disabilities.png","type":"image\/png"}],"author":"volcanic","twitter_card":"summary_large_image","twitter_creator":"@volcanictech","twitter_site":"@volcanictech","twitter_misc":{"Written by":"volcanic","Est. reading time":"2 minutos"},"schema":{"@context":"https:\/\/schema.org","@graph":[{"@type":"Article","@id":"https:\/\/volcanicinternet.com\/es\/accesibilidad-de-contenido-para-personas-con-discapacidades-cognitivas-y-de-aprendizaje\/#article","isPartOf":{"@id":"https:\/\/volcanicinternet.com\/es\/accesibilidad-de-contenido-para-personas-con-discapacidades-cognitivas-y-de-aprendizaje\/"},"author":{"name":"volcanic","@id":"https:\/\/volcanicinternet.com\/es\/#\/schema\/person\/3dba9896ee40f4e8ea0c432924efb669"},"headline":"Accesibilidad de contenido para personas con discapacidades cognitivas y de aprendizaje","datePublished":"2026-09-03T05:00:00+00:00","dateModified":"2026-09-03T15:39:48+00:00","mainEntityOfPage":{"@id":"https:\/\/volcanicinternet.com\/es\/accesibilidad-de-contenido-para-personas-con-discapacidades-cognitivas-y-de-aprendizaje\/"},"wordCount":262,"commentCount":0,"publisher":{"@id":"https:\/\/volcanicinternet.com\/es\/#organization"},"image":{"@id":"https:\/\/volcanicinternet.com\/es\/accesibilidad-de-contenido-para-personas-con-discapacidades-cognitivas-y-de-aprendizaje\/#primaryimage"},"thumbnailUrl":"https:\/\/volcanicinternet.com\/app\/uploads\/2026\/08\/Content-accessibility-for-people-with-cognitive-and-learning-disabilities.png","articleSection":["Accesibilidad"],"inLanguage":"es","potentialAction":[{"@type":"CommentAction","name":"Comment","target":["https:\/\/volcanicinternet.com\/es\/accesibilidad-de-contenido-para-personas-con-discapacidades-cognitivas-y-de-aprendizaje\/#respond"]}]},{"@type":"WebPage","@id":"https:\/\/volcanicinternet.com\/es\/accesibilidad-de-contenido-para-personas-con-discapacidades-cognitivas-y-de-aprendizaje\/","url":"https:\/\/volcanicinternet.com\/es\/accesibilidad-de-contenido-para-personas-con-discapacidades-cognitivas-y-de-aprendizaje\/","name":"Accesibilidad cognitiva y WCAG: contenido m\u00e1s inclusivo","isPartOf":{"@id":"https:\/\/volcanicinternet.com\/es\/#website"},"primaryImageOfPage":{"@id":"https:\/\/volcanicinternet.com\/es\/accesibilidad-de-contenido-para-personas-con-discapacidades-cognitivas-y-de-aprendizaje\/#primaryimage"},"image":{"@id":"https:\/\/volcanicinternet.com\/es\/accesibilidad-de-contenido-para-personas-con-discapacidades-cognitivas-y-de-aprendizaje\/#primaryimage"},"thumbnailUrl":"https:\/\/volcanicinternet.com\/app\/uploads\/2026\/08\/Content-accessibility-for-people-with-cognitive-and-learning-disabilities.png","datePublished":"2026-09-03T05:00:00+00:00","dateModified":"2026-09-03T15:39:48+00:00","description":"Entiende la importancia de la accesibilidad cognitiva y descubre c\u00f3mo crear contenidos web m\u00e1s claros, sencillos y f\u00e1ciles de usar.","breadcrumb":{"@id":"https:\/\/volcanicinternet.com\/es\/accesibilidad-de-contenido-para-personas-con-discapacidades-cognitivas-y-de-aprendizaje\/#breadcrumb"},"inLanguage":"es","potentialAction":[{"@type":"ReadAction","target":["https:\/\/volcanicinternet.com\/es\/accesibilidad-de-contenido-para-personas-con-discapacidades-cognitivas-y-de-aprendizaje\/"]}]},{"@type":"ImageObject","inLanguage":"es","@id":"https:\/\/volcanicinternet.com\/es\/accesibilidad-de-contenido-para-personas-con-discapacidades-cognitivas-y-de-aprendizaje\/#primaryimage","url":"https:\/\/volcanicinternet.com\/app\/uploads\/2026\/08\/Content-accessibility-for-people-with-cognitive-and-learning-disabilities.png","contentUrl":"https:\/\/volcanicinternet.com\/app\/uploads\/2026\/08\/Content-accessibility-for-people-with-cognitive-and-learning-disabilities.png","width":1000,"height":500},{"@type":"BreadcrumbList","@id":"https:\/\/volcanicinternet.com\/es\/accesibilidad-de-contenido-para-personas-con-discapacidades-cognitivas-y-de-aprendizaje\/#breadcrumb","itemListElement":[{"@type":"ListItem","position":1,"name":"Inici","item":"https:\/\/volcanicinternet.com\/es\/"},{"@type":"ListItem","position":2,"name":"Accesibilidad de contenido para personas con discapacidades cognitivas y de aprendizaje"}]},{"@type":"WebSite","@id":"https:\/\/volcanicinternet.com\/es\/#website","url":"https:\/\/volcanicinternet.com\/es\/","name":"Volcanic Internet","description":"P\u00e0gines web, aplicacions m\u00f2bils, desenvolupament a mida, Implantaci\u00f3 Claude","publisher":{"@id":"https:\/\/volcanicinternet.com\/es\/#organization"},"potentialAction":[{"@type":"SearchAction","target":{"@type":"EntryPoint","urlTemplate":"https:\/\/volcanicinternet.com\/es\/?s={search_term_string}"},"query-input":{"@type":"PropertyValueSpecification","valueRequired":true,"valueName":"search_term_string"}}],"inLanguage":"es"},{"@type":"Organization","@id":"https:\/\/volcanicinternet.com\/es\/#organization","name":"Volcanic Internet","url":"https:\/\/volcanicinternet.com\/es\/","logo":{"@type":"ImageObject","inLanguage":"es","@id":"https:\/\/volcanicinternet.com\/es\/#\/schema\/logo\/image\/","url":"https:\/\/volcanicinternet.com\/app\/uploads\/2026\/08\/volcanic_logo.png","contentUrl":"https:\/\/volcanicinternet.com\/app\/uploads\/2026\/08\/volcanic_logo.png","width":642,"height":80,"caption":"Volcanic Internet"},"image":{"@id":"https:\/\/volcanicinternet.com\/es\/#\/schema\/logo\/image\/"},"sameAs":["https:\/\/www.facebook.com\/volcanicinternet","https:\/\/x.com\/volcanictech","https:\/\/es.linkedin.com\/company\/volcanic-internet"],"description":"Implantaci\u00f3n de IA con Claude, desarrollo web y accesibilidad digital","areaServed":["ES","EU","LATAM"],"knowsAbout":["Claude IA","Desarrollo Web","Accesibilidad Web"]},{"@type":"Person","@id":"https:\/\/volcanicinternet.com\/es\/#\/schema\/person\/3dba9896ee40f4e8ea0c432924efb669","name":"volcanic","image":{"@type":"ImageObject","inLanguage":"es","@id":"https:\/\/secure.gravatar.com\/avatar\/71350110898e95b4c564818782992100e5d8ffec84a5d15e412fd49e5d226ffa?s=96&d=mm&r=g","url":"https:\/\/secure.gravatar.com\/avatar\/71350110898e95b4c564818782992100e5d8ffec84a5d15e412fd49e5d226ffa?s=96&d=mm&r=g","contentUrl":"https:\/\/secure.gravatar.com\/avatar\/71350110898e95b4c564818782992100e5d8ffec84a5d15e412fd49e5d226ffa?s=96&d=mm&r=g","caption":"volcanic"},"sameAs":["https:\/\/volcanicinternet.com"],"url":"https:\/\/volcanicinternet.com\/es\/author\/volcanic\/"}]}},"taxonomy_info":{"category":[{"value":29,"label":"Accesibilidad"}]},"featured_image_src_large":["https:\/\/volcanicinternet.com\/app\/uploads\/2026\/08\/Content-accessibility-for-people-with-cognitive-and-learning-disabilities.png",1000,500,false],"author_info":{"display_name":"volcanic","author_link":"https:\/\/volcanicinternet.com\/es\/author\/volcanic\/"},"comment_info":0,"category_info":[{"term_id":29,"name":"Accesibilidad","slug":"accesibilidad","term_group":0,"term_taxonomy_id":29,"taxonomy":"category","description":"","parent":0,"count":20,"filter":"raw","cat_ID":29,"category_count":20,"category_description":"","cat_name":"Accesibilidad","category_nicename":"accesibilidad","category_parent":0}],"tag_info":false,"_links":{"self":[{"href":"https:\/\/volcanicinternet.com\/es\/wp-json\/wp\/v2\/posts\/6612","targetHints":{"allow":["GET"]}}],"collection":[{"href":"https:\/\/volcanicinternet.com\/es\/wp-json\/wp\/v2\/posts"}],"about":[{"href":"https:\/\/volcanicinternet.com\/es\/wp-json\/wp\/v2\/types\/post"}],"author":[{"embeddable":true,"href":"https:\/\/volcanicinternet.com\/es\/wp-json\/wp\/v2\/users\/1"}],"replies":[{"embeddable":true,"href":"https:\/\/volcanicinternet.com\/es\/wp-json\/wp\/v2\/comments?post=6612"}],"version-history":[{"count":3,"href":"https:\/\/volcanicinternet.com\/es\/wp-json\/wp\/v2\/posts\/6612\/revisions"}],"predecessor-version":[{"id":6620,"href":"https:\/\/volcanicinternet.com\/es\/wp-json\/wp\/v2\/posts\/6612\/revisions\/6620"}],"wp:featuredmedia":[{"embeddable":true,"href":"https:\/\/volcanicinternet.com\/es\/wp-json\/wp\/v2\/media\/6613"}],"wp:attachment":[{"href":"https:\/\/volcanicinternet.com\/es\/wp-json\/wp\/v2\/media?parent=6612"}],"wp:term":[{"taxonomy":"category","embeddable":true,"href":"https:\/\/volcanicinternet.com\/es\/wp-json\/wp\/v2\/categories?post=6612"},{"taxonomy":"post_tag","embeddable":true,"href":"https:\/\/volcanicinternet.com\/es\/wp-json\/wp\/v2\/tags?post=6612"}],"curies":[{"name":"wp","href":"https:\/\/api.w.org\/{rel}","templated":true}]}}